{"id":196,"date":"2025-10-11T21:23:30","date_gmt":"2025-10-11T21:23:30","guid":{"rendered":"https:\/\/estoescalive.com\/?p=196"},"modified":"2025-10-14T21:24:50","modified_gmt":"2025-10-14T21:24:50","slug":"maurice-armitage-apoyara-al-candidato-presidencial-que-designe-petro-y-desata-controversia-politica-en-cali","status":"publish","type":"post","link":"https:\/\/estoescalive.com\/?p=196","title":{"rendered":"Maurice Armitage apoyar\u00e1 al candidato presidencial que designe Petro y desata controversia pol\u00edtica en Cali"},"content":{"rendered":"\n<p>El exalcalde de Cali, Maurice Armitage, habr\u00eda sellado un acuerdo pol\u00edtico con el presidente Gustavo Petro para respaldar al aspirante presidencial que el mandatario elija para las elecciones de 2026. La decisi\u00f3n, que marca un giro inesperado en la posici\u00f3n del empresario y exmandatario local, ya genera intensas reacciones en los sectores pol\u00edticos del Valle y del pa\u00eds.<\/p>\n\n\n\n<p>Seg\u00fan fuentes cercanas al exalcalde, el entendimiento entre ambos l\u00edderes se consolid\u00f3 tras un gesto del Gobierno Nacional que result\u00f3 clave para los intereses empresariales de Armitage. En 2024, Petro accedi\u00f3 a la solicitud de no permitir la importaci\u00f3n de acero desde Per\u00fa, Turqu\u00eda y China, una medida que salv\u00f3 de una profunda crisis a la sider\u00fargica de Armitage, una de las m\u00e1s importantes del suroccidente colombiano. En reciprocidad, el empresario cale\u00f1o habr\u00eda manifestado su disposici\u00f3n a apoyar la candidatura que el presidente respalde, incluso si se tratara de un nombre pol\u00e9mico como el de Daniel Quintero, exalcalde de Medell\u00edn y uno de los m\u00e1s cercanos al petrismo.<\/p>\n\n\n\n<p>El anuncio no ha pasado desapercibido. Mientras sectores de izquierda celebran el respaldo de un empresario influyente del Valle, en otros frentes pol\u00edticos y gremiales se cuestiona el aparente intercambio de favores entre el Gobierno y el exalcalde. Analistas locales advierten que el v\u00ednculo entre una decisi\u00f3n econ\u00f3mica y un compromiso pol\u00edtico podr\u00eda abrir un debate \u00e9tico sobre los l\u00edmites entre la gesti\u00f3n p\u00fablica y los intereses privados.<\/p>\n\n\n\n<p>Armitage, quien gobern\u00f3 Cali entre 2016 y 2019, hab\u00eda mantenido una postura de independencia frente a los partidos tradicionales y a los extremos ideol\u00f3gicos. Su acercamiento con Petro contrasta con su discurso de moderaci\u00f3n y gesti\u00f3n empresarial, lo que genera incertidumbre sobre sus intenciones pol\u00edticas de cara al futuro.<\/p>\n\n\n\n<p>Aunque el exalcalde no ha confirmado oficialmente si buscar\u00e1 volver a la Alcald\u00eda de Cali en 2027, el eventual apoyo del petrismo podr\u00eda alterar el panorama electoral en la ciudad. Algunos l\u00edderes locales consideran que esta alianza \u201cpone en entredicho la coherencia\u201d de un dirigente que en el pasado se distanci\u00f3 de las posturas del Gobierno Nacional.<\/p>\n\n\n\n<p>El acuerdo, adem\u00e1s, reabre el debate sobre la relaci\u00f3n entre el poder econ\u00f3mico y el pol\u00edtico en Cali, una ciudad donde los movimientos independientes han ganado espacio en los \u00faltimos a\u00f1os. Mientras tanto, los cale\u00f1os ya se preguntan: \u00bfvotar\u00edan nuevamente por Maurice Armitage sabiendo que su respaldo pol\u00edtico estar\u00eda alineado con el presidente Petro?<\/p>\n","protected":false},"excerpt":{"rendered":"<p>El exalcalde de Cali, Maurice Armitage, habr\u00eda sellado un acuerdo pol\u00edtico con el presidente Gustavo Petro para respaldar al aspirante presidencial que el mandatario elija para las elecciones de 2026<\/p>\n","protected":false},"author":1,"featured_media":197,"comment_status":"open","ping_status":"open","sticky":false,"template":"","format":"standard","meta":{"footnotes":""},"categories":[3,1],"tags":[26,32,33,34],"class_list":["post-196","post","type-post","status-publish","format-standard","has-post-thumbnail","hentry","category-cali","category-ultima-hora","tag-cali","tag-gustavo-petro","tag-maurice-armitage","tag-politica"],"_links":{"self":[{"href":"https:\/\/estoescalive.com\/index.php?rest_route=\/wp\/v2\/posts\/196","targetHints":{"allow":["GET"]}}],"collection":[{"href":"https:\/\/estoescalive.com\/index.php?rest_route=\/wp\/v2\/posts"}],"about":[{"href":"https:\/\/estoescalive.com\/index.php?rest_route=\/wp\/v2\/types\/post"}],"author":[{"embeddable":true,"href":"https:\/\/estoescalive.com\/index.php?rest_route=\/wp\/v2\/users\/1"}],"replies":[{"embeddable":true,"href":"https:\/\/estoescalive.com\/index.php?rest_route=%2Fwp%2Fv2%2Fcomments&post=196"}],"version-history":[{"count":1,"href":"https:\/\/estoescalive.com\/index.php?rest_route=\/wp\/v2\/posts\/196\/revisions"}],"predecessor-version":[{"id":198,"href":"https:\/\/estoescalive.com\/index.php?rest_route=\/wp\/v2\/posts\/196\/revisions\/198"}],"wp:featuredmedia":[{"embeddable":true,"href":"https:\/\/estoescalive.com\/index.php?rest_route=\/wp\/v2\/media\/197"}],"wp:attachment":[{"href":"https:\/\/estoescalive.com\/index.php?rest_route=%2Fwp%2Fv2%2Fmedia&parent=196"}],"wp:term":[{"taxonomy":"category","embeddable":true,"href":"https:\/\/estoescalive.com\/index.php?rest_route=%2Fwp%2Fv2%2Fcategories&post=196"},{"taxonomy":"post_tag","embeddable":true,"href":"https:\/\/estoescalive.com\/index.php?rest_route=%2Fwp%2Fv2%2Ftags&post=196"}],"curies":[{"name":"wp","href":"https:\/\/api.w.org\/{rel}","templated":true}]}}