{"id":389,"date":"2025-12-25T01:45:30","date_gmt":"2025-12-25T01:45:30","guid":{"rendered":"https:\/\/estoescalive.com\/?p=389"},"modified":"2025-12-29T22:26:01","modified_gmt":"2025-12-29T22:26:01","slug":"valle-del-cauca-lidera-la-lucha-contra-los-feminicidios-con-reduccion-historica-del-70-en-2025","status":"publish","type":"post","link":"https:\/\/estoescalive.com\/?p=389","title":{"rendered":"Valle del Cauca lidera la lucha contra los feminicidios con reducci\u00f3n hist\u00f3rica del 70% en 2025"},"content":{"rendered":"\n<p>El Valle del Cauca se consolida como referente nacional en la lucha contra los feminicidios y la violencia contra la mujer, tras registrar una reducci\u00f3n del 70 % en este delito durante 2025. <\/p>\n\n\n\n<p>De acuerdo con cifras oficiales, el departamento pas\u00f3 de reportar 30 casos de feminicidio en 2024 a solo 9 en lo corrido de este a\u00f1o, un resultado que marca un avance significativo en materia de protecci\u00f3n y prevenci\u00f3n.<\/p>\n\n\n\n<p>Los datos fueron presentados durante un Consejo de Seguridad de G\u00e9nero encabezado por la gobernadora Dilian Francisca Toro, donde se evaluaron las estrategias implementadas para enfrentar las violencias basadas en g\u00e9nero y fortalecer la respuesta institucional. La mandataria destac\u00f3 el impacto de las acciones articuladas entre las autoridades, pero advirti\u00f3 que los resultados, aunque positivos, no son suficientes.<\/p>\n\n\n\n<p>\u201cEste a\u00f1o tenemos una reducci\u00f3n en el feminicidio del 70 %, pero no es suficiente. Hay que redoblar esfuerzos para que estos indicadores sean mucho m\u00e1s grandes y para que la sociedad en su conjunto proteja a la mujer vallecaucana\u201d, afirm\u00f3 Guillermo Londo\u00f1o, secretario de Convivencia y Seguridad Ciudadana del Valle del Cauca, al reiterar el llamado a mantener y reforzar las acciones de prevenci\u00f3n.<\/p>\n\n\n\n<p>Desde la Gobernaci\u00f3n del Valle del Cauca se record\u00f3 que las mujeres cuentan con la l\u00ednea psicosocial +57 310 239 47 35, disponible todos los d\u00edas de 8:00 a. m. a 8:00 p. m., atendida por un equipo especializado en salud emocional y con enfoque de g\u00e9nero, que brinda orientaci\u00f3n y acompa\u00f1amiento oportuno.<\/p>\n\n\n\n<p>Adicionalmente, las autoridades reiteraron la disponibilidad de las l\u00edneas nacionales para la denuncia y atenci\u00f3n de casos de violencia contra la mujer: el 122 de la Fiscal\u00eda General de la Naci\u00f3n, el 106 de Salud Mental y el 155 de la Polic\u00eda Nacional. La Gobernaci\u00f3n insisti\u00f3 en que la denuncia oportuna y el trabajo conjunto entre instituciones y ciudadan\u00eda son claves para seguir reduciendo estos hechos y garantizar una vida libre de violencias para las mujeres del Valle del Cauca.<\/p>\n","protected":false},"excerpt":{"rendered":"<p>El Valle del Cauca se consolida como referente nacional en la lucha contra los feminicidios y la violencia contra la mujer, tras registrar una reducci\u00f3n del 70 % en este delito durante 2025. <\/p>\n","protected":false},"author":1,"featured_media":390,"comment_status":"open","ping_status":"open","sticky":false,"template":"","format":"standard","meta":{"footnotes":""},"categories":[5,1],"tags":[11,66,74,10],"class_list":["post-389","post","type-post","status-publish","format-standard","has-post-thumbnail","hentry","category-noticias-del-valle","category-ultima-hora","tag-dilianfranciscatoro","tag-misoginia","tag-no-mas-misoginia","tag-valledelcauca"],"_links":{"self":[{"href":"https:\/\/estoescalive.com\/index.php?rest_route=\/wp\/v2\/posts\/389","targetHints":{"allow":["GET"]}}],"collection":[{"href":"https:\/\/estoescalive.com\/index.php?rest_route=\/wp\/v2\/posts"}],"about":[{"href":"https:\/\/estoescalive.com\/index.php?rest_route=\/wp\/v2\/types\/post"}],"author":[{"embeddable":true,"href":"https:\/\/estoescalive.com\/index.php?rest_route=\/wp\/v2\/users\/1"}],"replies":[{"embeddable":true,"href":"https:\/\/estoescalive.com\/index.php?rest_route=%2Fwp%2Fv2%2Fcomments&post=389"}],"version-history":[{"count":1,"href":"https:\/\/estoescalive.com\/index.php?rest_route=\/wp\/v2\/posts\/389\/revisions"}],"predecessor-version":[{"id":391,"href":"https:\/\/estoescalive.com\/index.php?rest_route=\/wp\/v2\/posts\/389\/revisions\/391"}],"wp:featuredmedia":[{"embeddable":true,"href":"https:\/\/estoescalive.com\/index.php?rest_route=\/wp\/v2\/media\/390"}],"wp:attachment":[{"href":"https:\/\/estoescalive.com\/index.php?rest_route=%2Fwp%2Fv2%2Fmedia&parent=389"}],"wp:term":[{"taxonomy":"category","embeddable":true,"href":"https:\/\/estoescalive.com\/index.php?rest_route=%2Fwp%2Fv2%2Fcategories&post=389"},{"taxonomy":"post_tag","embeddable":true,"href":"https:\/\/estoescalive.com\/index.php?rest_route=%2Fwp%2Fv2%2Ftags&post=389"}],"curies":[{"name":"wp","href":"https:\/\/api.w.org\/{rel}","templated":true}]}}